{"id":964,"date":"2013-10-03T18:15:58","date_gmt":"2013-10-03T22:15:58","guid":{"rendered":"http:\/\/vivredignite.org\/?p=964"},"modified":"2014-03-26T13:12:38","modified_gmt":"2014-03-26T17:12:38","slug":"about-face-and-impact-for-people-with-disabilities-8th-day-of-public-consultation","status":"publish","type":"post","link":"https:\/\/vivredignite.org\/en\/about-face-and-impact-for-people-with-disabilities-8th-day-of-public-consultation\/","title":{"rendered":"About-face and impact for people with disabilities &#8211; 8th day of public consultation"},"content":{"rendered":"<p>The parliamentary commission on Bill 52 has heard from five groups on this 8th day of public consultation. It has been suggested to separate medical aid in dying from palliative care and to elaborate another law concerning medical aid in dying. One of the groups has radically changed\u00a0positions and no longer supports the bill while another group has stated that they are very preoccupied\u00a0with the impact a law such as this may have and what risks it would pose to the security of people with disabilities.<\/p>\n<p><!--more--><\/p>\n<p><strong>Invited groups<\/strong><\/p>\n<ol>\n<li>Soci\u00e9t\u00e9 qu\u00e9b\u00e9coise des m\u00e9decins de soins palliatifs<\/li>\n<li>NOVA Montreal<\/li>\n<li>Centre de recherche et d'intervention sur le suicide et l'euthanasie (CRISE)<\/li>\n<li>Association du Qu\u00e9bec pour l'int\u00e9gration sociale (AQIS)<\/li>\n<li>Conf\u00e9d\u00e9ration des organismes des personnes handicap\u00e9es du Qu\u00e9bec (COPHAN)<\/li>\n<\/ol>\n<h3>Separate law<\/h3>\n<p>After having heard so many groups affirm that medical aid in dying (or euthanasia) is not a treatment and should not be included in a law on palliative care, the Quebec Liberal Party has asked if it would not be preferable to elaborate a separate law on medical aid in dying.<\/p>\n<p>In his presentation on behalf of the Research and Intervention Center on Suicide and Euthanasia, Dr. Brian Mishara gave the best answer to the question. Whether we be speaking of one or\u00a0two laws, he said, one thing must be clear: medical aid in dying mustn't be considered like a treatment, neither palliative, nor \"end-of-life\".\u00a0What's more, we have to make palliative care available to all those who need it.<\/p>\n<h3>About-face<\/h3>\n<p>During the consultation that brought about Bill 52, NOVA Montreal was in agreement with the idea of\u00a0euthanasia. But today in parliamentary commission, the organisation pronounced itself against such a practice. Its position radically changed following an in-depth\u00a0study\u00a0on the question. The spokespeople for\u00a0NOVA stated that we musn't think of euthanasia as long as palliative care isn't available to everyone\u00a0- they share the same point of view as\u00a0CRISE.<\/p>\n<h3>Risks for the handicapped<\/h3>\n<p>As for AQIS, they\u00a0fear for the security of people with disabilities. Although the \"end-of-life\"\u00a0concept\u00a0is included in the preliminary versions of the bill, the eligibility criteria to access medical aid in dying does not specify that a person must be facing imminent death. As formulated, the bill allows people with disabilities to access medical aid in dying. AQIS underlined the enormous risk that people with mental impairments\u00a0who are considered fit\u00a0face; many are very influencable and would not understand the gravity of\u00a0such an\u00a0action.<\/p>\n","protected":false},"excerpt":{"rendered":"<p>The parliamentary commission on Bill 52 has heard from five groups on this 8th day of public consultation. It has been suggested to separate medical aid in dying from palliative &#8230;<\/p>\n","protected":false},"author":1,"featured_media":0,"comment_status":"open","ping_status":"open","sticky":false,"template":"","format":"standard","meta":{"footnotes":""},"categories":[290],"tags":[],"class_list":["post-964","post","type-post","status-publish","format-standard","hentry","category-blog"],"_links":{"self":[{"href":"https:\/\/vivredignite.org\/en\/wp-json\/wp\/v2\/posts\/964","targetHints":{"allow":["GET"]}}],"collection":[{"href":"https:\/\/vivredignite.org\/en\/wp-json\/wp\/v2\/posts"}],"about":[{"href":"https:\/\/vivredignite.org\/en\/wp-json\/wp\/v2\/types\/post"}],"author":[{"embeddable":true,"href":"https:\/\/vivredignite.org\/en\/wp-json\/wp\/v2\/users\/1"}],"replies":[{"embeddable":true,"href":"https:\/\/vivredignite.org\/en\/wp-json\/wp\/v2\/comments?post=964"}],"version-history":[{"count":0,"href":"https:\/\/vivredignite.org\/en\/wp-json\/wp\/v2\/posts\/964\/revisions"}],"wp:attachment":[{"href":"https:\/\/vivredignite.org\/en\/wp-json\/wp\/v2\/media?parent=964"}],"wp:term":[{"taxonomy":"category","embeddable":true,"href":"https:\/\/vivredignite.org\/en\/wp-json\/wp\/v2\/categories?post=964"},{"taxonomy":"post_tag","embeddable":true,"href":"https:\/\/vivredignite.org\/en\/wp-json\/wp\/v2\/tags?post=964"}],"curies":[{"name":"wp","href":"https:\/\/api.w.org\/{rel}","templated":true}]}}